{"id":51891,"date":"2024-04-11T17:09:53","date_gmt":"2024-04-11T15:09:53","guid":{"rendered":"https:\/\/www.cartooningforpeace.org\/alerte-turquie-zehra-omeroglu\/"},"modified":"2024-04-24T12:18:23","modified_gmt":"2024-04-24T10:18:23","slug":"alerte-turquie-zehra-omeroglu","status":"publish","type":"post","link":"https:\/\/www.cartooningforpeace.org\/en\/alerte-turquie-zehra-omeroglu\/","title":{"rendered":"Alert T\u00fcrkiye \u2013 Zehra \u00d6mero\u011flu"},"content":{"rendered":"<p style=\"text-align: right;\"><strong>17 April 2024<\/strong><\/p>\n<p style=\"text-align: justify;\">The trial of Zehra \u00d6mero\u011flu was postponed for the umpteenth time at the hearing on 16 April 2024, marked by the absence of the judge in charge of the case.<\/p>\n<p>&nbsp;<\/p>\n<div>\n<hr \/>\n<\/div>\n<div><\/div>\n<div><\/div>\n<p><img loading=\"lazy\" class=\"aligncenter wp-image-51885\" src=\"https:\/\/www.cartooningforpeace.org\/wp-content\/uploads\/2022\/11\/1PR-Solidarity-with-cartoonist-Zehra-O\u0308merog\u0306lu-on-the-eve-of-her-trial-in-Turkiye.png\" alt=\"\" width=\"641\" height=\"271\" srcset=\"https:\/\/www.cartooningforpeace.org\/wp-content\/uploads\/2022\/11\/1PR-Solidarity-with-cartoonist-Zehra-O\u0308merog\u0306lu-on-the-eve-of-her-trial-in-Turkiye.png 698w, https:\/\/www.cartooningforpeace.org\/wp-content\/uploads\/2022\/11\/1PR-Solidarity-with-cartoonist-Zehra-O\u0308merog\u0306lu-on-the-eve-of-her-trial-in-Turkiye-300x127.png 300w\" sizes=\"(max-width: 641px) 100vw, 641px\" \/><\/p>\n<p class=\"p1\" style=\"text-align: justify;\"><b>Press release, 11 April 2024 &#8211; A few days before her criminal trial on obscenity charges, scheduled for 16 April in Istanbul, Cartooning for Peace, Cartoonists\u2019 Rights, the Freedom Cartoonist Foundation and Freemuse reiterate their support for cartoonist Zehra \u00d6mero\u011flu of T\u00fcrkiye, over whom the prospect of criminalisation hangs like a veritable lead blanket.<\/b><\/p>\n<p class=\"p3\" style=\"text-align: justify;\">Zehra \u00d6mero\u011flu faces <b>a sentence ranging from 6 months to 3 years\u2019 imprisonment<\/b>, as well as the payment of a fine, for a cartoon on the symptoms of Covid-19 published on 25 November 2020 in the Turkish humor magazine Leman.<\/p>\n<p class=\"p1\" style=\"text-align: justify;\">Although T\u00fcrkiye is bound to protect freedom of expression, guaranteed by Article 19 of the International Covenant on Civil and Political Rights and by its own Constitution, which also guarantees freedom of the press and the free dissemination of art, the country is ranked 165\/180 in the Reporters without borders World Press Freedom Index 2023.<\/p>\n<p class=\"p3\" style=\"text-align: justify;\"><b>Determined to defend Zehra \u00d6mero\u011flu, our organizations express their full solidarity with her in the face of the trial, the outcome of which will be a true marker of the scale of the attacks on freedom of expression, and of the space allocated to women\u2019s freedom of expression and feminist artistic production in T\u00fcrkiye.<\/b><\/p>\n<p>&nbsp;<\/p>\n<h2 style=\"text-align: center;\"><a href=\"https:\/\/www.cartooningforpeace.org\/wp-content\/uploads\/2024\/04\/PR-Solidarity-with-cartoonist-Zehra-O\u0308merog\u0306lu-on-the-eve-of-her-trial-in-Tu\u0308rkiye.pdf\" target=\"_blank\" rel=\"noopener noreferrer\">Read the full Press Release<\/a><\/h2>\n<h2 style=\"text-align: center;\"><\/h2>\n<h2 style=\"text-align: center;\"><a href=\"https:\/\/www.cartooningforpeace.org\/en\/soutiens\/alerte-turquie\/\">More information on Zehra <b>\u00d6mero\u011flu<\/b><\/a><\/h2>\n","protected":false},"excerpt":{"rendered":"<p>17 April 2024 The trial of Zehra \u00d6mero\u011flu was postponed for the umpteenth time at the hearing on 16 April 2024, marked by the absence of the judge [&hellip;]<\/p>\n","protected":false},"author":1,"featured_media":45859,"comment_status":"closed","ping_status":"closed","sticky":false,"template":"","format":"standard","meta":[],"categories":[6],"tags":[64,51,57,271,56,63,634,124,136,635,126,228,227,636,637,488,62,489,524,638,639,640],"aioseo_notices":[],"_links":{"self":[{"href":"https:\/\/www.cartooningforpeace.org\/en\/wp-json\/wp\/v2\/posts\/51891"}],"collection":[{"href":"https:\/\/www.cartooningforpeace.org\/en\/wp-json\/wp\/v2\/posts"}],"about":[{"href":"https:\/\/www.cartooningforpeace.org\/en\/wp-json\/wp\/v2\/types\/post"}],"author":[{"embeddable":true,"href":"https:\/\/www.cartooningforpeace.org\/en\/wp-json\/wp\/v2\/users\/1"}],"replies":[{"embeddable":true,"href":"https:\/\/www.cartooningforpeace.org\/en\/wp-json\/wp\/v2\/comments?post=51891"}],"version-history":[{"count":6,"href":"https:\/\/www.cartooningforpeace.org\/en\/wp-json\/wp\/v2\/posts\/51891\/revisions"}],"predecessor-version":[{"id":51955,"href":"https:\/\/www.cartooningforpeace.org\/en\/wp-json\/wp\/v2\/posts\/51891\/revisions\/51955"}],"wp:featuredmedia":[{"embeddable":true,"href":"https:\/\/www.cartooningforpeace.org\/en\/wp-json\/wp\/v2\/media\/45859"}],"wp:attachment":[{"href":"https:\/\/www.cartooningforpeace.org\/en\/wp-json\/wp\/v2\/media?parent=51891"}],"wp:term":[{"taxonomy":"category","embeddable":true,"href":"https:\/\/www.cartooningforpeace.org\/en\/wp-json\/wp\/v2\/categories?post=51891"},{"taxonomy":"post_tag","embeddable":true,"href":"https:\/\/www.cartooningforpeace.org\/en\/wp-json\/wp\/v2\/tags?post=51891"}],"curies":[{"name":"wp","href":"https:\/\/api.w.org\/{rel}","templated":true}]}}